{"id":78,"date":"2023-06-21T08:07:06","date_gmt":"2023-06-21T06:07:06","guid":{"rendered":"http:\/\/lubietuwracac.radzyn.edu.pl\/?p=78"},"modified":"2023-06-28T10:58:20","modified_gmt":"2023-06-28T08:58:20","slug":"kaplica-pw-sw-jerzego","status":"publish","type":"post","link":"http:\/\/lubietuwracac.radzyn.edu.pl\/pl_PL\/kaplica-pw-sw-jerzego\/","title":{"rendered":"Kaplica pw. \u015bw. Jerzego"},"content":{"rendered":"\n<p class=\"has-text-align-justify\">Kaplica \u015bw. Jerzego znajduje si\u0119 w po\u0142udniowo \u2013 zachodniej cz\u0119\u015bci miasta przy ul. Kazimierza Jagiello\u0144czyka. Zosta\u0142a wzniesiona ok. 1286 roku, jako budowla drewniana. W \u015bredniowieczu w miejscu obecnej kaplicy znajdowa\u0142 si\u0119 ko\u015bci\u00f3\u0142 z przytu\u0142kiem przeznaczonym dla pielgrzym\u00f3w i bezdomnych. Obecn\u0105 kaplic\u0119 \u015bw. Jerzego wzniesiono z ceg\u0142y w stylu gotyckim ok. 1340 roku, od tego momentu pe\u0142ni funkcj\u0119 kaplicy cmentarnej, natomiast w XIX stuleciu s\u0142u\u017cy\u0142a jako magazyn.<\/p>\n\n\n<div class=\"wp-block-image\">\n<figure class=\"aligncenter size-full\"><img loading=\"lazy\" decoding=\"async\" width=\"945\" height=\"763\" src=\"http:\/\/lubietuwracac.radzyn.edu.pl\/wp-content\/uploads\/2023\/06\/Kaplica-pw.-sw.-Jerzego.jpg\" alt=\"\" class=\"wp-image-243\" srcset=\"http:\/\/lubietuwracac.radzyn.edu.pl\/wp-content\/uploads\/2023\/06\/Kaplica-pw.-sw.-Jerzego.jpg 945w, http:\/\/lubietuwracac.radzyn.edu.pl\/wp-content\/uploads\/2023\/06\/Kaplica-pw.-sw.-Jerzego-300x242.jpg 300w, http:\/\/lubietuwracac.radzyn.edu.pl\/wp-content\/uploads\/2023\/06\/Kaplica-pw.-sw.-Jerzego-768x620.jpg 768w\" sizes=\"auto, (max-width: 945px) 100vw, 945px\" \/><\/figure>\n<\/div>","protected":false},"excerpt":{"rendered":"<p><!-- wp:paragraph {\"align\":\"justify\"} --><\/p>\n<p class=\"has-text-align-justify\">Kaplica \u015bw. Jerzego znajduje si\u0119 w po\u0142udniowo \u2013 zachodniej cz\u0119\u015bci miasta przy ul. Kazimierza Jagiello\u0144czyka. Zosta\u0142a wzniesiona ok. 1286 roku, jako budowla drewniana. W \u015bredn&#8230;<\/p>\n","protected":false},"author":1,"featured_media":0,"comment_status":"closed","ping_status":"open","sticky":false,"template":"","format":"standard","meta":{"_editorskit_title_hidden":false,"_editorskit_reading_time":0,"_editorskit_is_block_options_detached":false,"_editorskit_block_options_position":"{}","footnotes":""},"categories":[1],"tags":[],"class_list":["post-78","post","type-post","status-publish","format-standard","hentry","category-bez-kategorii"],"_links":{"self":[{"href":"http:\/\/lubietuwracac.radzyn.edu.pl\/pl_PL\/wp-json\/wp\/v2\/posts\/78","targetHints":{"allow":["GET"]}}],"collection":[{"href":"http:\/\/lubietuwracac.radzyn.edu.pl\/pl_PL\/wp-json\/wp\/v2\/posts"}],"about":[{"href":"http:\/\/lubietuwracac.radzyn.edu.pl\/pl_PL\/wp-json\/wp\/v2\/types\/post"}],"author":[{"embeddable":true,"href":"http:\/\/lubietuwracac.radzyn.edu.pl\/pl_PL\/wp-json\/wp\/v2\/users\/1"}],"replies":[{"embeddable":true,"href":"http:\/\/lubietuwracac.radzyn.edu.pl\/pl_PL\/wp-json\/wp\/v2\/comments?post=78"}],"version-history":[{"count":2,"href":"http:\/\/lubietuwracac.radzyn.edu.pl\/pl_PL\/wp-json\/wp\/v2\/posts\/78\/revisions"}],"predecessor-version":[{"id":244,"href":"http:\/\/lubietuwracac.radzyn.edu.pl\/pl_PL\/wp-json\/wp\/v2\/posts\/78\/revisions\/244"}],"wp:attachment":[{"href":"http:\/\/lubietuwracac.radzyn.edu.pl\/pl_PL\/wp-json\/wp\/v2\/media?parent=78"}],"wp:term":[{"taxonomy":"category","embeddable":true,"href":"http:\/\/lubietuwracac.radzyn.edu.pl\/pl_PL\/wp-json\/wp\/v2\/categories?post=78"},{"taxonomy":"post_tag","embeddable":true,"href":"http:\/\/lubietuwracac.radzyn.edu.pl\/pl_PL\/wp-json\/wp\/v2\/tags?post=78"}],"curies":[{"name":"wp","href":"https:\/\/api.w.org\/{rel}","templated":true}]}}