{"id":284,"date":"2023-10-02T07:43:13","date_gmt":"2023-10-02T05:43:13","guid":{"rendered":"http:\/\/lubietuwracac.radzyn.edu.pl\/?p=284"},"modified":"2023-10-02T07:43:13","modified_gmt":"2023-10-02T05:43:13","slug":"kosciol-p-w-sw-anny-w-radzyniu-chelminskim","status":"publish","type":"post","link":"http:\/\/lubietuwracac.radzyn.edu.pl\/pl_PL\/kosciol-p-w-sw-anny-w-radzyniu-chelminskim\/","title":{"rendered":"Ko\u015bci\u00f3\u0142 p.w. \u015bw. Anny w Radzyniu Che\u0142mi\u0144skim"},"content":{"rendered":"\n<p><strong>Historia ko\u015bcio\u0142a<\/strong><\/p>\n\n\n\n<p class=\"has-text-align-justify\">\u015awi\u0105tynia by\u0142a budowana i rozbudowywana od oko\u0142o 1310 do oko\u0142o 1600 roku. Ko\u015bci\u00f3\u0142 p.w. \u015bw. Anny w Radzyniu Che\u0142mi\u0144skim to ko\u015bci\u00f3\u0142 gotycki, orientowany. Zosta\u0142 wzniesiony z ceg\u0142y, w w\u0105tku gotyckim z u\u017cyciem ceg\u0142y , na kamiennej podmur\u00f3wce W 1456 roku zosta\u0142 zniszczony, a nast\u0119pnie gruntownie odremontowany. Prawdopodobnie w drugiej po\u0142owie XV wieku podwy\u017cszono \u015bciany prezbiterium i wzniesiono szczyt wschodni. Niestety w 1575 roku ko\u015bci\u00f3\u0142 zosta\u0142 strawiony przez po\u017car. W 1598 roku podwy\u017cszono \u015bciany nawy, ukszta\u0142towano fasad\u0119 i wzniesiono kaplic\u0119 D\u0105browskich (p.w. Przemienienia Pa\u0144skiego) z fundacji starosty radzy\u0144skiego Hugona D\u0105browskiego. Oko\u0142o 1600 roku rodzina Dzia\u0142y\u0144skich dobudowa\u0142a do p\u00f3\u0142nocnej \u015bciany nawy kaplic\u0119 grobow\u0105. Ponowne po\u017cary ko\u015bcio\u0142a mia\u0142y miejsce w latach 1615 i 1628, po czym \u015bwi\u0105tyni\u0119 cz\u0119\u015bciowo odbudowano w 1640 roku, dzi\u0119ki staraniom starosty radzy\u0144skiego Miko\u0142aja Wejhera. W 1673 roku odnowiono kaplic\u0119 D\u0105browskich. Ko\u015bci\u00f3\u0142 by\u0142 odnawiany jeszcze w latach: 1680-1695 (ca\u0142kowita odbudowa), 1885 i 1892 (po uszkodzeniu wie\u017cy przez piorun). W 1948 roku za\u0142o\u017cono instalacj\u0119 elektryczn\u0105, a w latach 1980-1985 wymieniono witra\u017ce. Natomiast w 1993 roku odtworzono polichromie w kaplicy D\u0105browskich.<\/p>\n\n\n\n<p><strong>Zabytkowe wyposa\u017cenie ko\u015bcio\u0142a<\/strong><\/p>\n\n\n\n<ul class=\"wp-block-list\">\n<li>barokowy o\u0142tarz g\u0142\u00f3wny z prze\u0142omu XVII\/XVIII w., tr\u00f3jdzielny z bramkami, z obrazem sygnowanym przez B. Strobla &#8222;Koronacja Matki Boskiej&#8221;- dwa barokowo-klasycystyczne o\u0142tarze boczne z 1820 roku dzie\u0142o M. Przemys\u0142awskiego<\/li>\n\n\n\n<li>cztery p\u00f3\u017anobarokowe o\u0142tarzez drugiej \u0107wierci XVIII w.<\/li>\n\n\n\n<li>barokowa polichromia na stropach: w prezbiterium i w nawie, wykonana po 1640 roku przez B. Strobla, a na \u015bcianach nawy p\u00f3\u017anobarokowa z drugiej po\u0142owy XVIII wieku<\/li>\n\n\n\n<li>rokokowo-klasycystyczna ambona z pocz\u0105tku XIX wieku wykonana przez M. Przemys\u0142awskiego<\/li>\n\n\n\n<li>barokowa chrzcielnica z prze\u0142omu XVII\/XVIII wieku<\/li>\n\n\n\n<li>klasycystyczne stalle z prze\u0142omu XVIII\/XIX w. z gotyckimi sediliami<\/li>\n\n\n\n<li>drewniany ch\u00f3r muzyczny z 1694 roku<\/li>\n\n\n\n<li>rokowo-klasycystyczny prospekt organowy z ko\u0144ca XVIII wieku<\/li>\n\n\n\n<li>barokowy obraz z przedstawieniem Grupy Ukrzy\u017cowania i Judasza otrzymuj\u0105cego srebrniki z oko\u0142o po\u0142owy wieku XVII<\/li>\n\n\n\n<li>marmurowe p\u0142yty nagrobne z p\u0142askorze\u017abionymi postaciami rycerzy<\/li>\n<\/ul>\n","protected":false},"excerpt":{"rendered":"<p><!-- wp:paragraph --><\/p>\n<p><strong>Historia ko\u015bcio\u0142a<\/strong><\/p>\n<p><!-- \/wp:paragraph --><\/p>\n<p><!-- wp:paragraph {\"align\":\"justify\"} --><\/p>\n<p class=\"has-text-align-justify\">\u015awi\u0105tynia by\u0142a budowana i rozbudowywana od oko\u0142o 1310 do oko\u0142o 1600 roku. Ko\u015bci\u00f3\u0142 p.w&#8230;.<\/p>\n","protected":false},"author":1,"featured_media":0,"comment_status":"closed","ping_status":"open","sticky":false,"template":"","format":"standard","meta":{"_editorskit_title_hidden":false,"_editorskit_reading_time":0,"_editorskit_is_block_options_detached":false,"_editorskit_block_options_position":"{}","footnotes":""},"categories":[1],"tags":[],"class_list":["post-284","post","type-post","status-publish","format-standard","hentry","category-bez-kategorii"],"_links":{"self":[{"href":"http:\/\/lubietuwracac.radzyn.edu.pl\/pl_PL\/wp-json\/wp\/v2\/posts\/284","targetHints":{"allow":["GET"]}}],"collection":[{"href":"http:\/\/lubietuwracac.radzyn.edu.pl\/pl_PL\/wp-json\/wp\/v2\/posts"}],"about":[{"href":"http:\/\/lubietuwracac.radzyn.edu.pl\/pl_PL\/wp-json\/wp\/v2\/types\/post"}],"author":[{"embeddable":true,"href":"http:\/\/lubietuwracac.radzyn.edu.pl\/pl_PL\/wp-json\/wp\/v2\/users\/1"}],"replies":[{"embeddable":true,"href":"http:\/\/lubietuwracac.radzyn.edu.pl\/pl_PL\/wp-json\/wp\/v2\/comments?post=284"}],"version-history":[{"count":5,"href":"http:\/\/lubietuwracac.radzyn.edu.pl\/pl_PL\/wp-json\/wp\/v2\/posts\/284\/revisions"}],"predecessor-version":[{"id":290,"href":"http:\/\/lubietuwracac.radzyn.edu.pl\/pl_PL\/wp-json\/wp\/v2\/posts\/284\/revisions\/290"}],"wp:attachment":[{"href":"http:\/\/lubietuwracac.radzyn.edu.pl\/pl_PL\/wp-json\/wp\/v2\/media?parent=284"}],"wp:term":[{"taxonomy":"category","embeddable":true,"href":"http:\/\/lubietuwracac.radzyn.edu.pl\/pl_PL\/wp-json\/wp\/v2\/categories?post=284"},{"taxonomy":"post_tag","embeddable":true,"href":"http:\/\/lubietuwracac.radzyn.edu.pl\/pl_PL\/wp-json\/wp\/v2\/tags?post=284"}],"curies":[{"name":"wp","href":"https:\/\/api.w.org\/{rel}","templated":true}]}}