{"id":191,"date":"2023-06-22T09:44:19","date_gmt":"2023-06-22T07:44:19","guid":{"rendered":"http:\/\/lubietuwracac.radzyn.edu.pl\/?p=191"},"modified":"2023-06-28T10:14:08","modified_gmt":"2023-06-28T08:14:08","slug":"zespol-klasztorny-w-rywaldzie-krolewskim","status":"publish","type":"post","link":"http:\/\/lubietuwracac.radzyn.edu.pl\/pl_PL\/zespol-klasztorny-w-rywaldzie-krolewskim\/","title":{"rendered":"Zesp\u00f3\u0142 klasztorny w Rywa\u0142dzie Kr\u00f3lewskim"},"content":{"rendered":"\n<p class=\"has-text-align-justify\">W sk\u0142ad zespo\u0142u klasztornego w Rywa\u0142dzie Kr\u00f3lewskim wchodz\u0105 : barokowy ko\u015bci\u00f3\u0142 pw. \u015bw. Sebastiana oraz klasztor z zabudowaniami gospodarczymi i ogrodem. Obecny ko\u015bci\u00f3\u0142 pobudowano w latach 1710-1738 z inicjatywy rodu Czapskich, a przekazano przyby\u0142ym z Warszawy oo. Kapucynom w 1748 roku. Wystr\u00f3j \u015bwi\u0105tyni p\u00f3\u017anobarokowy, na kt\u00f3ry sk\u0142adaj\u0105 si\u0119: o\u0142tarz g\u0142\u00f3wny z po\u0142owy XVIII w. z gotyck\u0105 rze\u017ab\u0105 Matki Boskiej Tronuj\u0105cej z Dzieci\u0105tkiem (tzw. Matka Bo\u017ca Cyga\u0144ska) z ko\u0144ca XIV wieku, sze\u015b\u0107 barokowo \u2013 klasycystycznych o\u0142tarzy bocznych z prze\u0142omu XVIII\/XIX w., ambona, konfesjona\u0142y i chrzcielnica z XVIII wieku. Kolorem dominuj\u0105cym w wyposa\u017ceniu jest br\u0105z, kt\u00f3ry jest kolorem habit\u00f3w Braci Mniejszych Kapucyn\u00f3w.<\/p>\n\n\n<div class=\"wp-block-image\">\n<figure class=\"aligncenter size-large\"><img loading=\"lazy\" decoding=\"async\" width=\"1024\" height=\"625\" src=\"http:\/\/lubietuwracac.radzyn.edu.pl\/wp-content\/uploads\/2023\/06\/Zespol-klasztorny-w-Rywaldzie-Krolewskim-1024x625.jpg\" alt=\"\" class=\"wp-image-205\" srcset=\"http:\/\/lubietuwracac.radzyn.edu.pl\/wp-content\/uploads\/2023\/06\/Zespol-klasztorny-w-Rywaldzie-Krolewskim-1024x625.jpg 1024w, http:\/\/lubietuwracac.radzyn.edu.pl\/wp-content\/uploads\/2023\/06\/Zespol-klasztorny-w-Rywaldzie-Krolewskim-300x183.jpg 300w, http:\/\/lubietuwracac.radzyn.edu.pl\/wp-content\/uploads\/2023\/06\/Zespol-klasztorny-w-Rywaldzie-Krolewskim-768x469.jpg 768w, http:\/\/lubietuwracac.radzyn.edu.pl\/wp-content\/uploads\/2023\/06\/Zespol-klasztorny-w-Rywaldzie-Krolewskim.jpg 1080w\" sizes=\"auto, (max-width: 1024px) 100vw, 1024px\" \/><\/figure>\n<\/div>","protected":false},"excerpt":{"rendered":"<p><!-- wp:paragraph {\"align\":\"justify\"} --><\/p>\n<p class=\"has-text-align-justify\">W sk\u0142ad zespo\u0142u klasztornego w Rywa\u0142dzie Kr\u00f3lewskim wchodz\u0105 : barokowy ko\u015bci\u00f3\u0142 pw. \u015bw. Sebastiana oraz klasztor z zabudowaniami gospodarczymi i ogrodem. Obecny ko\u015bci\u00f3\u0142 pobudo&#8230;<\/p>\n","protected":false},"author":1,"featured_media":0,"comment_status":"closed","ping_status":"open","sticky":false,"template":"","format":"standard","meta":{"_editorskit_title_hidden":false,"_editorskit_reading_time":0,"_editorskit_is_block_options_detached":false,"_editorskit_block_options_position":"{}","footnotes":""},"categories":[1],"tags":[],"class_list":["post-191","post","type-post","status-publish","format-standard","hentry","category-bez-kategorii"],"_links":{"self":[{"href":"http:\/\/lubietuwracac.radzyn.edu.pl\/pl_PL\/wp-json\/wp\/v2\/posts\/191","targetHints":{"allow":["GET"]}}],"collection":[{"href":"http:\/\/lubietuwracac.radzyn.edu.pl\/pl_PL\/wp-json\/wp\/v2\/posts"}],"about":[{"href":"http:\/\/lubietuwracac.radzyn.edu.pl\/pl_PL\/wp-json\/wp\/v2\/types\/post"}],"author":[{"embeddable":true,"href":"http:\/\/lubietuwracac.radzyn.edu.pl\/pl_PL\/wp-json\/wp\/v2\/users\/1"}],"replies":[{"embeddable":true,"href":"http:\/\/lubietuwracac.radzyn.edu.pl\/pl_PL\/wp-json\/wp\/v2\/comments?post=191"}],"version-history":[{"count":5,"href":"http:\/\/lubietuwracac.radzyn.edu.pl\/pl_PL\/wp-json\/wp\/v2\/posts\/191\/revisions"}],"predecessor-version":[{"id":285,"href":"http:\/\/lubietuwracac.radzyn.edu.pl\/pl_PL\/wp-json\/wp\/v2\/posts\/191\/revisions\/285"}],"wp:attachment":[{"href":"http:\/\/lubietuwracac.radzyn.edu.pl\/pl_PL\/wp-json\/wp\/v2\/media?parent=191"}],"wp:term":[{"taxonomy":"category","embeddable":true,"href":"http:\/\/lubietuwracac.radzyn.edu.pl\/pl_PL\/wp-json\/wp\/v2\/categories?post=191"},{"taxonomy":"post_tag","embeddable":true,"href":"http:\/\/lubietuwracac.radzyn.edu.pl\/pl_PL\/wp-json\/wp\/v2\/tags?post=191"}],"curies":[{"name":"wp","href":"https:\/\/api.w.org\/{rel}","templated":true}]}}