{"id":188,"date":"2023-06-22T09:43:20","date_gmt":"2023-06-22T07:43:20","guid":{"rendered":"http:\/\/lubietuwracac.radzyn.edu.pl\/?p=188"},"modified":"2023-06-28T10:42:12","modified_gmt":"2023-06-28T08:42:12","slug":"cela-kardynala-stefana-wyszynskiego-w-rywaldzie","status":"publish","type":"post","link":"http:\/\/lubietuwracac.radzyn.edu.pl\/pl_PL\/cela-kardynala-stefana-wyszynskiego-w-rywaldzie\/","title":{"rendered":"Cela Kardyna\u0142a Stefana Wyszy\u0144skiego w Rywa\u0142dzie"},"content":{"rendered":"\n<p class=\"has-text-align-justify\">Klasztor rywa\u0142dzki by\u0142 pierwszym etapem (25.09.1953 r. \u2013 12.10.1953 r.) trwaj\u0105cego ponad trzy lata internowania Prymasa Tysi\u0105clecia dokonanego przez \u00f3wczesne w\u0142adze komunistyczne jako represja wobec Ko\u015bcio\u0142a. W klasztorze mo\u017cna zwiedzi\u0107 cel\u0119 Kardyna\u0142a z zachowanym \u00f3wczesnym wyposa\u017ceniem, a tak\u017ce sal\u0119 pami\u0119ci z Jego osobistymi pami\u0105tkami.<\/p>\n\n\n<div class=\"wp-block-image\">\n<figure class=\"aligncenter size-large\"><img loading=\"lazy\" decoding=\"async\" width=\"1024\" height=\"768\" src=\"http:\/\/lubietuwracac.radzyn.edu.pl\/wp-content\/uploads\/2023\/06\/Cela-Kardynala-Stefana-Wyszynskiego-w-Rywaldzie-1-1024x768.jpg\" alt=\"\" class=\"wp-image-210\" srcset=\"http:\/\/lubietuwracac.radzyn.edu.pl\/wp-content\/uploads\/2023\/06\/Cela-Kardynala-Stefana-Wyszynskiego-w-Rywaldzie-1-1024x768.jpg 1024w, http:\/\/lubietuwracac.radzyn.edu.pl\/wp-content\/uploads\/2023\/06\/Cela-Kardynala-Stefana-Wyszynskiego-w-Rywaldzie-1-300x225.jpg 300w, http:\/\/lubietuwracac.radzyn.edu.pl\/wp-content\/uploads\/2023\/06\/Cela-Kardynala-Stefana-Wyszynskiego-w-Rywaldzie-1-768x576.jpg 768w, http:\/\/lubietuwracac.radzyn.edu.pl\/wp-content\/uploads\/2023\/06\/Cela-Kardynala-Stefana-Wyszynskiego-w-Rywaldzie-1-1536x1152.jpg 1536w, http:\/\/lubietuwracac.radzyn.edu.pl\/wp-content\/uploads\/2023\/06\/Cela-Kardynala-Stefana-Wyszynskiego-w-Rywaldzie-1.jpg 2048w\" sizes=\"auto, (max-width: 1024px) 100vw, 1024px\" \/><\/figure>\n<\/div>\n\n<div class=\"wp-block-image\">\n<figure class=\"aligncenter size-large\"><img loading=\"lazy\" decoding=\"async\" width=\"1024\" height=\"450\" src=\"http:\/\/lubietuwracac.radzyn.edu.pl\/wp-content\/uploads\/2023\/06\/Cela-Kardynala-Stefana-Wyszynskiego-w-Rywaldzie-2-1024x450.jpg\" alt=\"\" class=\"wp-image-209\" srcset=\"http:\/\/lubietuwracac.radzyn.edu.pl\/wp-content\/uploads\/2023\/06\/Cela-Kardynala-Stefana-Wyszynskiego-w-Rywaldzie-2-1024x450.jpg 1024w, http:\/\/lubietuwracac.radzyn.edu.pl\/wp-content\/uploads\/2023\/06\/Cela-Kardynala-Stefana-Wyszynskiego-w-Rywaldzie-2-300x132.jpg 300w, http:\/\/lubietuwracac.radzyn.edu.pl\/wp-content\/uploads\/2023\/06\/Cela-Kardynala-Stefana-Wyszynskiego-w-Rywaldzie-2-768x338.jpg 768w, http:\/\/lubietuwracac.radzyn.edu.pl\/wp-content\/uploads\/2023\/06\/Cela-Kardynala-Stefana-Wyszynskiego-w-Rywaldzie-2.jpg 1080w\" sizes=\"auto, (max-width: 1024px) 100vw, 1024px\" \/><\/figure>\n<\/div>","protected":false},"excerpt":{"rendered":"<p><!-- wp:paragraph {\"align\":\"justify\"} --><\/p>\n<p class=\"has-text-align-justify\">Klasztor rywa\u0142dzki by\u0142 pierwszym etapem (25.09.1953 r. \u2013 12.10.1953 r.) trwaj\u0105cego ponad trzy lata internowania Prymasa Tysi\u0105clecia dokonanego przez \u00f3wczesne w\u0142adze komunisty&#8230;<\/p>\n","protected":false},"author":1,"featured_media":0,"comment_status":"closed","ping_status":"open","sticky":false,"template":"","format":"standard","meta":{"_editorskit_title_hidden":false,"_editorskit_reading_time":0,"_editorskit_is_block_options_detached":false,"_editorskit_block_options_position":"{}","footnotes":""},"categories":[1],"tags":[],"class_list":["post-188","post","type-post","status-publish","format-standard","hentry","category-bez-kategorii"],"_links":{"self":[{"href":"http:\/\/lubietuwracac.radzyn.edu.pl\/pl_PL\/wp-json\/wp\/v2\/posts\/188","targetHints":{"allow":["GET"]}}],"collection":[{"href":"http:\/\/lubietuwracac.radzyn.edu.pl\/pl_PL\/wp-json\/wp\/v2\/posts"}],"about":[{"href":"http:\/\/lubietuwracac.radzyn.edu.pl\/pl_PL\/wp-json\/wp\/v2\/types\/post"}],"author":[{"embeddable":true,"href":"http:\/\/lubietuwracac.radzyn.edu.pl\/pl_PL\/wp-json\/wp\/v2\/users\/1"}],"replies":[{"embeddable":true,"href":"http:\/\/lubietuwracac.radzyn.edu.pl\/pl_PL\/wp-json\/wp\/v2\/comments?post=188"}],"version-history":[{"count":5,"href":"http:\/\/lubietuwracac.radzyn.edu.pl\/pl_PL\/wp-json\/wp\/v2\/posts\/188\/revisions"}],"predecessor-version":[{"id":214,"href":"http:\/\/lubietuwracac.radzyn.edu.pl\/pl_PL\/wp-json\/wp\/v2\/posts\/188\/revisions\/214"}],"wp:attachment":[{"href":"http:\/\/lubietuwracac.radzyn.edu.pl\/pl_PL\/wp-json\/wp\/v2\/media?parent=188"}],"wp:term":[{"taxonomy":"category","embeddable":true,"href":"http:\/\/lubietuwracac.radzyn.edu.pl\/pl_PL\/wp-json\/wp\/v2\/categories?post=188"},{"taxonomy":"post_tag","embeddable":true,"href":"http:\/\/lubietuwracac.radzyn.edu.pl\/pl_PL\/wp-json\/wp\/v2\/tags?post=188"}],"curies":[{"name":"wp","href":"https:\/\/api.w.org\/{rel}","templated":true}]}}