{"id":185,"date":"2023-06-22T09:42:16","date_gmt":"2023-06-22T07:42:16","guid":{"rendered":"http:\/\/lubietuwracac.radzyn.edu.pl\/?p=185"},"modified":"2023-06-28T10:43:22","modified_gmt":"2023-06-28T08:43:22","slug":"wieza-cisnien-w-radzyniu-chelminskim","status":"publish","type":"post","link":"http:\/\/lubietuwracac.radzyn.edu.pl\/pl_PL\/wieza-cisnien-w-radzyniu-chelminskim\/","title":{"rendered":"Wie\u017ca ci\u015bnie\u0144 w Radzyniu Che\u0142mi\u0144skim"},"content":{"rendered":"\n<p class=\"has-text-align-justify\">Wie\u017ca ci\u015bnie\u0144 w Radzyniu Che\u0142mi\u0144skim powsta\u0142a w 1910 r. Takie budowle powstawa\u0142y masowo w miastach od drugiej po\u0142owie XIX w. do lat trzydziestych XX w. i by\u0142y najwa\u017cniejszymi i najbardziej rozpoznawalnymi obiektami sieci wodoci\u0105gowej. Budowle te posiada\u0142y r\u00f3\u017cne, cz\u0119sto ozdobne kszta\u0142ty. Wie\u017ca w Radzyniu jest okr\u0105g\u0142a, ma wyko\u0144czenie powierzchni \u015bcian z czerwonej spoinowej ceg\u0142y, g\u00f3rna cz\u0119\u015b\u0107 natomiast wykonana jest z betonu. Obecnie obiekt wy\u0142\u0105czony z eksploatacji.<\/p>\n\n\n<div class=\"wp-block-image\">\n<figure class=\"aligncenter size-large\"><img loading=\"lazy\" decoding=\"async\" width=\"901\" height=\"1024\" src=\"http:\/\/lubietuwracac.radzyn.edu.pl\/wp-content\/uploads\/2023\/06\/Wieza-cisnien-w-Radzyniu-Chelminskim-901x1024.jpg\" alt=\"\" class=\"wp-image-215\" srcset=\"http:\/\/lubietuwracac.radzyn.edu.pl\/wp-content\/uploads\/2023\/06\/Wieza-cisnien-w-Radzyniu-Chelminskim-901x1024.jpg 901w, http:\/\/lubietuwracac.radzyn.edu.pl\/wp-content\/uploads\/2023\/06\/Wieza-cisnien-w-Radzyniu-Chelminskim-264x300.jpg 264w, http:\/\/lubietuwracac.radzyn.edu.pl\/wp-content\/uploads\/2023\/06\/Wieza-cisnien-w-Radzyniu-Chelminskim-768x872.jpg 768w, http:\/\/lubietuwracac.radzyn.edu.pl\/wp-content\/uploads\/2023\/06\/Wieza-cisnien-w-Radzyniu-Chelminskim.jpg 1051w\" sizes=\"auto, (max-width: 901px) 100vw, 901px\" \/><\/figure>\n<\/div>","protected":false},"excerpt":{"rendered":"<p><!-- wp:paragraph {\"align\":\"justify\"} --><\/p>\n<p class=\"has-text-align-justify\">Wie\u017ca ci\u015bnie\u0144 w Radzyniu Che\u0142mi\u0144skim powsta\u0142a w 1910 r. Takie budowle powstawa\u0142y masowo w miastach od drugiej po\u0142owie XIX w. do lat trzydziestych XX w. i by\u0142y najwa\u017cniejszymi&#8230;<\/p>\n","protected":false},"author":1,"featured_media":0,"comment_status":"closed","ping_status":"open","sticky":false,"template":"","format":"standard","meta":{"_editorskit_title_hidden":false,"_editorskit_reading_time":0,"_editorskit_is_block_options_detached":false,"_editorskit_block_options_position":"{}","footnotes":""},"categories":[1],"tags":[],"class_list":["post-185","post","type-post","status-publish","format-standard","hentry","category-bez-kategorii"],"_links":{"self":[{"href":"http:\/\/lubietuwracac.radzyn.edu.pl\/pl_PL\/wp-json\/wp\/v2\/posts\/185","targetHints":{"allow":["GET"]}}],"collection":[{"href":"http:\/\/lubietuwracac.radzyn.edu.pl\/pl_PL\/wp-json\/wp\/v2\/posts"}],"about":[{"href":"http:\/\/lubietuwracac.radzyn.edu.pl\/pl_PL\/wp-json\/wp\/v2\/types\/post"}],"author":[{"embeddable":true,"href":"http:\/\/lubietuwracac.radzyn.edu.pl\/pl_PL\/wp-json\/wp\/v2\/users\/1"}],"replies":[{"embeddable":true,"href":"http:\/\/lubietuwracac.radzyn.edu.pl\/pl_PL\/wp-json\/wp\/v2\/comments?post=185"}],"version-history":[{"count":2,"href":"http:\/\/lubietuwracac.radzyn.edu.pl\/pl_PL\/wp-json\/wp\/v2\/posts\/185\/revisions"}],"predecessor-version":[{"id":216,"href":"http:\/\/lubietuwracac.radzyn.edu.pl\/pl_PL\/wp-json\/wp\/v2\/posts\/185\/revisions\/216"}],"wp:attachment":[{"href":"http:\/\/lubietuwracac.radzyn.edu.pl\/pl_PL\/wp-json\/wp\/v2\/media?parent=185"}],"wp:term":[{"taxonomy":"category","embeddable":true,"href":"http:\/\/lubietuwracac.radzyn.edu.pl\/pl_PL\/wp-json\/wp\/v2\/categories?post=185"},{"taxonomy":"post_tag","embeddable":true,"href":"http:\/\/lubietuwracac.radzyn.edu.pl\/pl_PL\/wp-json\/wp\/v2\/tags?post=185"}],"curies":[{"name":"wp","href":"https:\/\/api.w.org\/{rel}","templated":true}]}}