{"id":175,"date":"2023-06-22T09:35:00","date_gmt":"2023-06-22T07:35:00","guid":{"rendered":"http:\/\/lubietuwracac.radzyn.edu.pl\/?p=175"},"modified":"2023-06-28T14:05:29","modified_gmt":"2023-06-28T12:05:29","slug":"pamiatkowa-tablica","status":"publish","type":"post","link":"http:\/\/lubietuwracac.radzyn.edu.pl\/pl_PL\/pamiatkowa-tablica\/","title":{"rendered":"Pami\u0105tkowa Tablica"},"content":{"rendered":"\n<p class=\"has-text-align-justify\">Tablica upami\u0119tniaj\u0105ca pobyt w Radzyniu Che\u0142mi\u0144skim J\u00f3zefa Pi\u0142sudskiego \u2013 zaprojektowana i wyrze\u017abiona przez artyst\u0119 Olega Iwanenko, odlew z br\u0105zu wykonany przez odlewni\u0119 Marcina Ka\u0142dowskiego w Zakrzewie. Tablica wmurowana w fasad\u0119 budynku Urz\u0119du Miasta i Gminy przy ul. Plac Towarzystwa Jaszczurczego 9. Uroczyste ods\u0142oni\u0119cie tablicy nast\u0105pi\u0142o 24.09.2018 r. w ramach obchod\u00f3w 100. rocznicy odzyskania przez Polsk\u0119 niepodleg\u0142o\u015bci.<\/p>\n\n\n<div class=\"wp-block-image\">\n<figure class=\"aligncenter size-full\"><img loading=\"lazy\" decoding=\"async\" width=\"510\" height=\"477\" src=\"http:\/\/lubietuwracac.radzyn.edu.pl\/wp-content\/uploads\/2023\/06\/Pamiatkowa-Tablica.jpg\" alt=\"\" class=\"wp-image-270\" srcset=\"http:\/\/lubietuwracac.radzyn.edu.pl\/wp-content\/uploads\/2023\/06\/Pamiatkowa-Tablica.jpg 510w, http:\/\/lubietuwracac.radzyn.edu.pl\/wp-content\/uploads\/2023\/06\/Pamiatkowa-Tablica-300x281.jpg 300w\" sizes=\"auto, (max-width: 510px) 100vw, 510px\" \/><\/figure>\n<\/div>","protected":false},"excerpt":{"rendered":"<p><!-- wp:paragraph {\"align\":\"justify\"} --><\/p>\n<p class=\"has-text-align-justify\">Tablica upami\u0119tniaj\u0105ca pobyt w Radzyniu Che\u0142mi\u0144skim J\u00f3zefa Pi\u0142sudskiego \u2013 zaprojektowana i wyrze\u017abiona przez artyst\u0119 Olega Iwanenko, odlew z br\u0105zu wykonany przez odlewni\u0119 Mar&#8230;<\/p>\n","protected":false},"author":1,"featured_media":0,"comment_status":"closed","ping_status":"open","sticky":false,"template":"","format":"standard","meta":{"_editorskit_title_hidden":false,"_editorskit_reading_time":0,"_editorskit_is_block_options_detached":false,"_editorskit_block_options_position":"{}","footnotes":""},"categories":[1],"tags":[],"class_list":["post-175","post","type-post","status-publish","format-standard","hentry","category-bez-kategorii"],"_links":{"self":[{"href":"http:\/\/lubietuwracac.radzyn.edu.pl\/pl_PL\/wp-json\/wp\/v2\/posts\/175","targetHints":{"allow":["GET"]}}],"collection":[{"href":"http:\/\/lubietuwracac.radzyn.edu.pl\/pl_PL\/wp-json\/wp\/v2\/posts"}],"about":[{"href":"http:\/\/lubietuwracac.radzyn.edu.pl\/pl_PL\/wp-json\/wp\/v2\/types\/post"}],"author":[{"embeddable":true,"href":"http:\/\/lubietuwracac.radzyn.edu.pl\/pl_PL\/wp-json\/wp\/v2\/users\/1"}],"replies":[{"embeddable":true,"href":"http:\/\/lubietuwracac.radzyn.edu.pl\/pl_PL\/wp-json\/wp\/v2\/comments?post=175"}],"version-history":[{"count":3,"href":"http:\/\/lubietuwracac.radzyn.edu.pl\/pl_PL\/wp-json\/wp\/v2\/posts\/175\/revisions"}],"predecessor-version":[{"id":272,"href":"http:\/\/lubietuwracac.radzyn.edu.pl\/pl_PL\/wp-json\/wp\/v2\/posts\/175\/revisions\/272"}],"wp:attachment":[{"href":"http:\/\/lubietuwracac.radzyn.edu.pl\/pl_PL\/wp-json\/wp\/v2\/media?parent=175"}],"wp:term":[{"taxonomy":"category","embeddable":true,"href":"http:\/\/lubietuwracac.radzyn.edu.pl\/pl_PL\/wp-json\/wp\/v2\/categories?post=175"},{"taxonomy":"post_tag","embeddable":true,"href":"http:\/\/lubietuwracac.radzyn.edu.pl\/pl_PL\/wp-json\/wp\/v2\/tags?post=175"}],"curies":[{"name":"wp","href":"https:\/\/api.w.org\/{rel}","templated":true}]}}