{"id":169,"date":"2023-06-22T09:32:17","date_gmt":"2023-06-22T07:32:17","guid":{"rendered":"http:\/\/lubietuwracac.radzyn.edu.pl\/?p=169"},"modified":"2023-06-28T13:54:07","modified_gmt":"2023-06-28T11:54:07","slug":"galeria-sztuki","status":"publish","type":"post","link":"http:\/\/lubietuwracac.radzyn.edu.pl\/pl_PL\/galeria-sztuki\/","title":{"rendered":"Galeria Sztuki"},"content":{"rendered":"\n<p class=\"has-text-align-justify\">Galeria Sztuki Stodo\u0142a w Szumi\u0142owie to unikalny park rze\u017aby, w kt\u00f3rym arty\u015bci z r\u00f3\u017cnych stron \u015bwiata wkomponowali swoje dzie\u0142a w otaczaj\u0105c\u0105 przyrod\u0119: las, staw, ogr\u00f3d i pola. Prowadzona jest od 2010 r. przez w\u0142a\u015bcicieli gospodarstwa. Podr\u00f3\u017c po stacjach rozpoczyna si\u0119 przej\u015bciem przez Drzwi do Lasu.<\/p>\n\n\n<div class=\"wp-block-image\">\n<figure class=\"aligncenter size-large\"><img loading=\"lazy\" decoding=\"async\" width=\"768\" height=\"1024\" src=\"http:\/\/lubietuwracac.radzyn.edu.pl\/wp-content\/uploads\/2023\/06\/Galeria-Sztuki-1-768x1024.jpg\" alt=\"\" class=\"wp-image-255\" srcset=\"http:\/\/lubietuwracac.radzyn.edu.pl\/wp-content\/uploads\/2023\/06\/Galeria-Sztuki-1-768x1024.jpg 768w, http:\/\/lubietuwracac.radzyn.edu.pl\/wp-content\/uploads\/2023\/06\/Galeria-Sztuki-1-225x300.jpg 225w, http:\/\/lubietuwracac.radzyn.edu.pl\/wp-content\/uploads\/2023\/06\/Galeria-Sztuki-1-1152x1536.jpg 1152w, http:\/\/lubietuwracac.radzyn.edu.pl\/wp-content\/uploads\/2023\/06\/Galeria-Sztuki-1.jpg 1536w\" sizes=\"auto, (max-width: 768px) 100vw, 768px\" \/><\/figure>\n<\/div>\n\n<div class=\"wp-block-image\">\n<figure class=\"aligncenter size-large\"><img loading=\"lazy\" decoding=\"async\" width=\"1024\" height=\"577\" src=\"http:\/\/lubietuwracac.radzyn.edu.pl\/wp-content\/uploads\/2023\/06\/Galeria-Sztuki-2-1024x577.jpg\" alt=\"\" class=\"wp-image-256\" srcset=\"http:\/\/lubietuwracac.radzyn.edu.pl\/wp-content\/uploads\/2023\/06\/Galeria-Sztuki-2-1024x577.jpg 1024w, http:\/\/lubietuwracac.radzyn.edu.pl\/wp-content\/uploads\/2023\/06\/Galeria-Sztuki-2-300x169.jpg 300w, http:\/\/lubietuwracac.radzyn.edu.pl\/wp-content\/uploads\/2023\/06\/Galeria-Sztuki-2-768x432.jpg 768w, http:\/\/lubietuwracac.radzyn.edu.pl\/wp-content\/uploads\/2023\/06\/Galeria-Sztuki-2-1536x865.jpg 1536w, http:\/\/lubietuwracac.radzyn.edu.pl\/wp-content\/uploads\/2023\/06\/Galeria-Sztuki-2.jpg 2048w\" sizes=\"auto, (max-width: 1024px) 100vw, 1024px\" \/><\/figure>\n<\/div>\n\n<div class=\"wp-block-image\">\n<figure class=\"aligncenter size-large\"><img loading=\"lazy\" decoding=\"async\" width=\"577\" height=\"1024\" src=\"http:\/\/lubietuwracac.radzyn.edu.pl\/wp-content\/uploads\/2023\/06\/Galeria-Sztuki-3-577x1024.jpg\" alt=\"\" class=\"wp-image-257\" srcset=\"http:\/\/lubietuwracac.radzyn.edu.pl\/wp-content\/uploads\/2023\/06\/Galeria-Sztuki-3-577x1024.jpg 577w, http:\/\/lubietuwracac.radzyn.edu.pl\/wp-content\/uploads\/2023\/06\/Galeria-Sztuki-3-169x300.jpg 169w, http:\/\/lubietuwracac.radzyn.edu.pl\/wp-content\/uploads\/2023\/06\/Galeria-Sztuki-3-768x1364.jpg 768w, http:\/\/lubietuwracac.radzyn.edu.pl\/wp-content\/uploads\/2023\/06\/Galeria-Sztuki-3-865x1536.jpg 865w, http:\/\/lubietuwracac.radzyn.edu.pl\/wp-content\/uploads\/2023\/06\/Galeria-Sztuki-3.jpg 1153w\" sizes=\"auto, (max-width: 577px) 100vw, 577px\" \/><\/figure>\n<\/div>","protected":false},"excerpt":{"rendered":"<p><!-- wp:paragraph {\"align\":\"justify\"} --><\/p>\n<p class=\"has-text-align-justify\">Galeria Sztuki Stodo\u0142a w Szumi\u0142owie to unikalny park rze\u017aby, w kt\u00f3rym arty\u015bci z r\u00f3\u017cnych stron \u015bwiata wkomponowali swoje dzie\u0142a w otaczaj\u0105c\u0105 przyrod\u0119: las, staw, ogr\u00f3d i pola&#8230;.<\/p>\n","protected":false},"author":1,"featured_media":0,"comment_status":"closed","ping_status":"open","sticky":false,"template":"","format":"standard","meta":{"_editorskit_title_hidden":false,"_editorskit_reading_time":0,"_editorskit_is_block_options_detached":false,"_editorskit_block_options_position":"{}","footnotes":""},"categories":[1],"tags":[],"class_list":["post-169","post","type-post","status-publish","format-standard","hentry","category-bez-kategorii"],"_links":{"self":[{"href":"http:\/\/lubietuwracac.radzyn.edu.pl\/pl_PL\/wp-json\/wp\/v2\/posts\/169","targetHints":{"allow":["GET"]}}],"collection":[{"href":"http:\/\/lubietuwracac.radzyn.edu.pl\/pl_PL\/wp-json\/wp\/v2\/posts"}],"about":[{"href":"http:\/\/lubietuwracac.radzyn.edu.pl\/pl_PL\/wp-json\/wp\/v2\/types\/post"}],"author":[{"embeddable":true,"href":"http:\/\/lubietuwracac.radzyn.edu.pl\/pl_PL\/wp-json\/wp\/v2\/users\/1"}],"replies":[{"embeddable":true,"href":"http:\/\/lubietuwracac.radzyn.edu.pl\/pl_PL\/wp-json\/wp\/v2\/comments?post=169"}],"version-history":[{"count":3,"href":"http:\/\/lubietuwracac.radzyn.edu.pl\/pl_PL\/wp-json\/wp\/v2\/posts\/169\/revisions"}],"predecessor-version":[{"id":259,"href":"http:\/\/lubietuwracac.radzyn.edu.pl\/pl_PL\/wp-json\/wp\/v2\/posts\/169\/revisions\/259"}],"wp:attachment":[{"href":"http:\/\/lubietuwracac.radzyn.edu.pl\/pl_PL\/wp-json\/wp\/v2\/media?parent=169"}],"wp:term":[{"taxonomy":"category","embeddable":true,"href":"http:\/\/lubietuwracac.radzyn.edu.pl\/pl_PL\/wp-json\/wp\/v2\/categories?post=169"},{"taxonomy":"post_tag","embeddable":true,"href":"http:\/\/lubietuwracac.radzyn.edu.pl\/pl_PL\/wp-json\/wp\/v2\/tags?post=169"}],"curies":[{"name":"wp","href":"https:\/\/api.w.org\/{rel}","templated":true}]}}