{"id":166,"date":"2023-06-22T09:31:01","date_gmt":"2023-06-22T07:31:01","guid":{"rendered":"http:\/\/lubietuwracac.radzyn.edu.pl\/?p=166"},"modified":"2023-06-22T09:31:01","modified_gmt":"2023-06-22T07:31:01","slug":"zabytkowy-wiatrak","status":"publish","type":"post","link":"http:\/\/lubietuwracac.radzyn.edu.pl\/pl_PL\/zabytkowy-wiatrak\/","title":{"rendered":"Zabytkowy wiatrak"},"content":{"rendered":"\n<p class=\"has-text-align-justify\">Zabytkowy wiatrak z ko\u0144ca XIX w. wpisany do rejestru zabytk\u00f3w NID. To wiatrak typu holenderskiego z ceglanym korpusem budowli powsta\u0142ym na planie ko\u0142a i z ruchom\u0105 cz\u0119\u015bci\u0105 dachow\u0105. Przez wiele lat pe\u0142ni\u0142 funkcj\u0119 m\u0142yna. Urod\u0119 konstrukcji podkre\u015blaj\u0105 niewielkie okna oraz malownicze wrota wej\u015bciowe.<\/p>\n","protected":false},"excerpt":{"rendered":"<p><!-- wp:paragraph {\"align\":\"justify\"} --><\/p>\n<p class=\"has-text-align-justify\">Zabytkowy wiatrak z ko\u0144ca XIX w. wpisany do rejestru zabytk\u00f3w NID. To wiatrak typu holenderskiego z ceglanym korpusem budowli powsta\u0142ym na planie ko\u0142a i z ruchom\u0105 cz\u0119\u015bci\u0105 dac&#8230;<\/p>\n","protected":false},"author":1,"featured_media":0,"comment_status":"closed","ping_status":"open","sticky":false,"template":"","format":"standard","meta":{"_editorskit_title_hidden":false,"_editorskit_reading_time":0,"_editorskit_is_block_options_detached":false,"_editorskit_block_options_position":"{}","footnotes":""},"categories":[1],"tags":[],"class_list":["post-166","post","type-post","status-publish","format-standard","hentry","category-bez-kategorii"],"_links":{"self":[{"href":"http:\/\/lubietuwracac.radzyn.edu.pl\/pl_PL\/wp-json\/wp\/v2\/posts\/166","targetHints":{"allow":["GET"]}}],"collection":[{"href":"http:\/\/lubietuwracac.radzyn.edu.pl\/pl_PL\/wp-json\/wp\/v2\/posts"}],"about":[{"href":"http:\/\/lubietuwracac.radzyn.edu.pl\/pl_PL\/wp-json\/wp\/v2\/types\/post"}],"author":[{"embeddable":true,"href":"http:\/\/lubietuwracac.radzyn.edu.pl\/pl_PL\/wp-json\/wp\/v2\/users\/1"}],"replies":[{"embeddable":true,"href":"http:\/\/lubietuwracac.radzyn.edu.pl\/pl_PL\/wp-json\/wp\/v2\/comments?post=166"}],"version-history":[{"count":1,"href":"http:\/\/lubietuwracac.radzyn.edu.pl\/pl_PL\/wp-json\/wp\/v2\/posts\/166\/revisions"}],"predecessor-version":[{"id":167,"href":"http:\/\/lubietuwracac.radzyn.edu.pl\/pl_PL\/wp-json\/wp\/v2\/posts\/166\/revisions\/167"}],"wp:attachment":[{"href":"http:\/\/lubietuwracac.radzyn.edu.pl\/pl_PL\/wp-json\/wp\/v2\/media?parent=166"}],"wp:term":[{"taxonomy":"category","embeddable":true,"href":"http:\/\/lubietuwracac.radzyn.edu.pl\/pl_PL\/wp-json\/wp\/v2\/categories?post=166"},{"taxonomy":"post_tag","embeddable":true,"href":"http:\/\/lubietuwracac.radzyn.edu.pl\/pl_PL\/wp-json\/wp\/v2\/tags?post=166"}],"curies":[{"name":"wp","href":"https:\/\/api.w.org\/{rel}","templated":true}]}}