{"id":163,"date":"2023-06-22T09:29:54","date_gmt":"2023-06-22T07:29:54","guid":{"rendered":"http:\/\/lubietuwracac.radzyn.edu.pl\/?p=163"},"modified":"2023-06-28T14:17:32","modified_gmt":"2023-06-28T12:17:32","slug":"jezioro-i-plaza-w-kneblowie","status":"publish","type":"post","link":"http:\/\/lubietuwracac.radzyn.edu.pl\/pl_PL\/jezioro-i-plaza-w-kneblowie\/","title":{"rendered":"Jezioro i pla\u017ca w Kneblowie"},"content":{"rendered":"\n<p class=\"has-text-align-justify\">Znajduje si\u0119 w okolicy miejscowo\u015bci: Zielnowo i Radzy\u0144 Che\u0142mi\u0144ski. Jest to niewielkie jezioro z k\u0105pieliskiem otoczonym polami, krzewami i drzewami, kt\u00f3re w upalne dni daje mieszka\u0144com du\u017co rado\u015bci.<\/p>\n\n\n<div class=\"wp-block-image\">\n<figure class=\"aligncenter size-large\"><img loading=\"lazy\" decoding=\"async\" width=\"1024\" height=\"577\" src=\"http:\/\/lubietuwracac.radzyn.edu.pl\/wp-content\/uploads\/2023\/06\/Jezioro-i-plaza-w-Kneblowie-1-1024x577.jpg\" alt=\"\" class=\"wp-image-276\" srcset=\"http:\/\/lubietuwracac.radzyn.edu.pl\/wp-content\/uploads\/2023\/06\/Jezioro-i-plaza-w-Kneblowie-1-1024x577.jpg 1024w, http:\/\/lubietuwracac.radzyn.edu.pl\/wp-content\/uploads\/2023\/06\/Jezioro-i-plaza-w-Kneblowie-1-300x169.jpg 300w, http:\/\/lubietuwracac.radzyn.edu.pl\/wp-content\/uploads\/2023\/06\/Jezioro-i-plaza-w-Kneblowie-1-768x432.jpg 768w, http:\/\/lubietuwracac.radzyn.edu.pl\/wp-content\/uploads\/2023\/06\/Jezioro-i-plaza-w-Kneblowie-1-1536x865.jpg 1536w, http:\/\/lubietuwracac.radzyn.edu.pl\/wp-content\/uploads\/2023\/06\/Jezioro-i-plaza-w-Kneblowie-1.jpg 2048w\" sizes=\"auto, (max-width: 1024px) 100vw, 1024px\" \/><\/figure>\n<\/div>\n\n<div class=\"wp-block-image\">\n<figure class=\"aligncenter size-large\"><img loading=\"lazy\" decoding=\"async\" width=\"1024\" height=\"577\" src=\"http:\/\/lubietuwracac.radzyn.edu.pl\/wp-content\/uploads\/2023\/06\/Jezioro-i-plaza-w-Kneblowie-2-1024x577.jpg\" alt=\"\" class=\"wp-image-277\" srcset=\"http:\/\/lubietuwracac.radzyn.edu.pl\/wp-content\/uploads\/2023\/06\/Jezioro-i-plaza-w-Kneblowie-2-1024x577.jpg 1024w, http:\/\/lubietuwracac.radzyn.edu.pl\/wp-content\/uploads\/2023\/06\/Jezioro-i-plaza-w-Kneblowie-2-300x169.jpg 300w, http:\/\/lubietuwracac.radzyn.edu.pl\/wp-content\/uploads\/2023\/06\/Jezioro-i-plaza-w-Kneblowie-2-768x432.jpg 768w, http:\/\/lubietuwracac.radzyn.edu.pl\/wp-content\/uploads\/2023\/06\/Jezioro-i-plaza-w-Kneblowie-2-1536x865.jpg 1536w, http:\/\/lubietuwracac.radzyn.edu.pl\/wp-content\/uploads\/2023\/06\/Jezioro-i-plaza-w-Kneblowie-2.jpg 2048w\" sizes=\"auto, (max-width: 1024px) 100vw, 1024px\" \/><\/figure>\n<\/div>\n\n<div class=\"wp-block-image\">\n<figure class=\"aligncenter size-large\"><img loading=\"lazy\" decoding=\"async\" width=\"1024\" height=\"577\" src=\"http:\/\/lubietuwracac.radzyn.edu.pl\/wp-content\/uploads\/2023\/06\/Jezioro-i-plaza-w-Kneblowie-3-1024x577.jpg\" alt=\"\" class=\"wp-image-278\" srcset=\"http:\/\/lubietuwracac.radzyn.edu.pl\/wp-content\/uploads\/2023\/06\/Jezioro-i-plaza-w-Kneblowie-3-1024x577.jpg 1024w, http:\/\/lubietuwracac.radzyn.edu.pl\/wp-content\/uploads\/2023\/06\/Jezioro-i-plaza-w-Kneblowie-3-300x169.jpg 300w, http:\/\/lubietuwracac.radzyn.edu.pl\/wp-content\/uploads\/2023\/06\/Jezioro-i-plaza-w-Kneblowie-3-768x432.jpg 768w, http:\/\/lubietuwracac.radzyn.edu.pl\/wp-content\/uploads\/2023\/06\/Jezioro-i-plaza-w-Kneblowie-3-1536x865.jpg 1536w, http:\/\/lubietuwracac.radzyn.edu.pl\/wp-content\/uploads\/2023\/06\/Jezioro-i-plaza-w-Kneblowie-3.jpg 2048w\" sizes=\"auto, (max-width: 1024px) 100vw, 1024px\" \/><\/figure>\n<\/div>","protected":false},"excerpt":{"rendered":"<p><!-- wp:paragraph {\"align\":\"justify\"} --><\/p>\n<p class=\"has-text-align-justify\">Znajduje si\u0119 w okolicy miejscowo\u015bci: Zielnowo i Radzy\u0144 Che\u0142mi\u0144ski. Jest to niewielkie jezioro z k\u0105pieliskiem otoczonym polami, krzewami i drzewami, kt\u00f3re w upalne dni daje mi&#8230;<\/p>\n","protected":false},"author":1,"featured_media":0,"comment_status":"closed","ping_status":"open","sticky":false,"template":"","format":"standard","meta":{"_editorskit_title_hidden":false,"_editorskit_reading_time":0,"_editorskit_is_block_options_detached":false,"_editorskit_block_options_position":"{}","footnotes":""},"categories":[1],"tags":[],"class_list":["post-163","post","type-post","status-publish","format-standard","hentry","category-bez-kategorii"],"_links":{"self":[{"href":"http:\/\/lubietuwracac.radzyn.edu.pl\/pl_PL\/wp-json\/wp\/v2\/posts\/163","targetHints":{"allow":["GET"]}}],"collection":[{"href":"http:\/\/lubietuwracac.radzyn.edu.pl\/pl_PL\/wp-json\/wp\/v2\/posts"}],"about":[{"href":"http:\/\/lubietuwracac.radzyn.edu.pl\/pl_PL\/wp-json\/wp\/v2\/types\/post"}],"author":[{"embeddable":true,"href":"http:\/\/lubietuwracac.radzyn.edu.pl\/pl_PL\/wp-json\/wp\/v2\/users\/1"}],"replies":[{"embeddable":true,"href":"http:\/\/lubietuwracac.radzyn.edu.pl\/pl_PL\/wp-json\/wp\/v2\/comments?post=163"}],"version-history":[{"count":4,"href":"http:\/\/lubietuwracac.radzyn.edu.pl\/pl_PL\/wp-json\/wp\/v2\/posts\/163\/revisions"}],"predecessor-version":[{"id":282,"href":"http:\/\/lubietuwracac.radzyn.edu.pl\/pl_PL\/wp-json\/wp\/v2\/posts\/163\/revisions\/282"}],"wp:attachment":[{"href":"http:\/\/lubietuwracac.radzyn.edu.pl\/pl_PL\/wp-json\/wp\/v2\/media?parent=163"}],"wp:term":[{"taxonomy":"category","embeddable":true,"href":"http:\/\/lubietuwracac.radzyn.edu.pl\/pl_PL\/wp-json\/wp\/v2\/categories?post=163"},{"taxonomy":"post_tag","embeddable":true,"href":"http:\/\/lubietuwracac.radzyn.edu.pl\/pl_PL\/wp-json\/wp\/v2\/tags?post=163"}],"curies":[{"name":"wp","href":"https:\/\/api.w.org\/{rel}","templated":true}]}}