{"id":145,"date":"2023-06-21T08:49:11","date_gmt":"2023-06-21T06:49:11","guid":{"rendered":"http:\/\/lubietuwracac.radzyn.edu.pl\/?p=145"},"modified":"2023-06-28T10:48:38","modified_gmt":"2023-06-28T08:48:38","slug":"ulica-dabrowskich-na-rogu-z-ulica-jana-pawla-ii","status":"publish","type":"post","link":"http:\/\/lubietuwracac.radzyn.edu.pl\/pl_PL\/ulica-dabrowskich-na-rogu-z-ulica-jana-pawla-ii\/","title":{"rendered":"Ulica D\u0105browskich (na rogu z ulic\u0105 Jana Paw\u0142a II)"},"content":{"rendered":"\n<p class=\"has-text-align-justify\">Budynek szkolny wybudowany za czas\u00f3w pruskich po 1871 roku. W wyniku przegranej przez Francj\u0119 wojny i na mocy traktatu pokojowego we Frankfurcie 10 maja 1871 roku, Prusy otrzyma\u0142y du\u017ce odszkodowanie. Za pieni\u0105dze te zosta\u0142y wybudowane r\u00f3\u017cne, nowe budynki w tym w\u0142a\u015bnie szko\u0142a. W czasach wojennych w budynku zaadaptowany by\u0142 szpital, przez co ulica Jana Paw\u0142a II zwana by\u0142a wcze\u015bniej ulic\u0105 Szpitaln\u0105.<\/p>\n\n\n<div class=\"wp-block-image\">\n<figure class=\"aligncenter size-large\"><img loading=\"lazy\" decoding=\"async\" width=\"1024\" height=\"768\" src=\"http:\/\/lubietuwracac.radzyn.edu.pl\/wp-content\/uploads\/2023\/06\/Ulica-Dabrowskich-na-rogu-z-ulica-Jana-Pawla-II-1024x768.jpg\" alt=\"\" class=\"wp-image-224\" srcset=\"http:\/\/lubietuwracac.radzyn.edu.pl\/wp-content\/uploads\/2023\/06\/Ulica-Dabrowskich-na-rogu-z-ulica-Jana-Pawla-II-1024x768.jpg 1024w, http:\/\/lubietuwracac.radzyn.edu.pl\/wp-content\/uploads\/2023\/06\/Ulica-Dabrowskich-na-rogu-z-ulica-Jana-Pawla-II-300x225.jpg 300w, http:\/\/lubietuwracac.radzyn.edu.pl\/wp-content\/uploads\/2023\/06\/Ulica-Dabrowskich-na-rogu-z-ulica-Jana-Pawla-II-768x576.jpg 768w, http:\/\/lubietuwracac.radzyn.edu.pl\/wp-content\/uploads\/2023\/06\/Ulica-Dabrowskich-na-rogu-z-ulica-Jana-Pawla-II.jpg 1281w\" sizes=\"auto, (max-width: 1024px) 100vw, 1024px\" \/><\/figure>\n<\/div>","protected":false},"excerpt":{"rendered":"<p><!-- wp:paragraph {\"align\":\"justify\"} --><\/p>\n<p class=\"has-text-align-justify\">Budynek szkolny wybudowany za czas\u00f3w pruskich po 1871 roku. W wyniku przegranej przez Francj\u0119 wojny i na mocy traktatu pokojowego we Frankfurcie 10 maja 1871 roku, Prusy otrz&#8230;<\/p>\n","protected":false},"author":1,"featured_media":0,"comment_status":"closed","ping_status":"open","sticky":false,"template":"","format":"standard","meta":{"_editorskit_title_hidden":false,"_editorskit_reading_time":0,"_editorskit_is_block_options_detached":false,"_editorskit_block_options_position":"{}","footnotes":""},"categories":[1],"tags":[],"class_list":["post-145","post","type-post","status-publish","format-standard","hentry","category-bez-kategorii"],"_links":{"self":[{"href":"http:\/\/lubietuwracac.radzyn.edu.pl\/pl_PL\/wp-json\/wp\/v2\/posts\/145","targetHints":{"allow":["GET"]}}],"collection":[{"href":"http:\/\/lubietuwracac.radzyn.edu.pl\/pl_PL\/wp-json\/wp\/v2\/posts"}],"about":[{"href":"http:\/\/lubietuwracac.radzyn.edu.pl\/pl_PL\/wp-json\/wp\/v2\/types\/post"}],"author":[{"embeddable":true,"href":"http:\/\/lubietuwracac.radzyn.edu.pl\/pl_PL\/wp-json\/wp\/v2\/users\/1"}],"replies":[{"embeddable":true,"href":"http:\/\/lubietuwracac.radzyn.edu.pl\/pl_PL\/wp-json\/wp\/v2\/comments?post=145"}],"version-history":[{"count":3,"href":"http:\/\/lubietuwracac.radzyn.edu.pl\/pl_PL\/wp-json\/wp\/v2\/posts\/145\/revisions"}],"predecessor-version":[{"id":226,"href":"http:\/\/lubietuwracac.radzyn.edu.pl\/pl_PL\/wp-json\/wp\/v2\/posts\/145\/revisions\/226"}],"wp:attachment":[{"href":"http:\/\/lubietuwracac.radzyn.edu.pl\/pl_PL\/wp-json\/wp\/v2\/media?parent=145"}],"wp:term":[{"taxonomy":"category","embeddable":true,"href":"http:\/\/lubietuwracac.radzyn.edu.pl\/pl_PL\/wp-json\/wp\/v2\/categories?post=145"},{"taxonomy":"post_tag","embeddable":true,"href":"http:\/\/lubietuwracac.radzyn.edu.pl\/pl_PL\/wp-json\/wp\/v2\/tags?post=145"}],"curies":[{"name":"wp","href":"https:\/\/api.w.org\/{rel}","templated":true}]}}