{"id":127,"date":"2023-06-21T08:13:17","date_gmt":"2023-06-21T06:13:17","guid":{"rendered":"http:\/\/lubietuwracac.radzyn.edu.pl\/?p=127"},"modified":"2023-06-28T10:54:30","modified_gmt":"2023-06-28T08:54:30","slug":"pomnik-na-rynku-1939-1945","status":"publish","type":"post","link":"http:\/\/lubietuwracac.radzyn.edu.pl\/pl_PL\/pomnik-na-rynku-1939-1945\/","title":{"rendered":"Pomnik na rynku 1939-1945"},"content":{"rendered":"\n<p class=\"has-text-align-justify\">Pomnik pochodzi z 1966 roku, zosta\u0142 po\u015bwi\u0119cony ofiarom II wojny \u015bwiatowej oraz m\u0119czennikom hitleryzmu z Radzynia che\u0142mi\u0144skiego i okolic. Pomnik znajduje si\u0119 na rynku miasta przy ulicy Plac Towarzystwa Jaszczurczego.<\/p>\n\n\n<div class=\"wp-block-image\">\n<figure class=\"aligncenter size-large\"><img loading=\"lazy\" decoding=\"async\" width=\"1024\" height=\"768\" src=\"http:\/\/lubietuwracac.radzyn.edu.pl\/wp-content\/uploads\/2023\/06\/Pomnik-na-rynku-1939-1945-1024x768.jpg\" alt=\"\" class=\"wp-image-238\" srcset=\"http:\/\/lubietuwracac.radzyn.edu.pl\/wp-content\/uploads\/2023\/06\/Pomnik-na-rynku-1939-1945-1024x768.jpg 1024w, http:\/\/lubietuwracac.radzyn.edu.pl\/wp-content\/uploads\/2023\/06\/Pomnik-na-rynku-1939-1945-300x225.jpg 300w, http:\/\/lubietuwracac.radzyn.edu.pl\/wp-content\/uploads\/2023\/06\/Pomnik-na-rynku-1939-1945-768x576.jpg 768w, http:\/\/lubietuwracac.radzyn.edu.pl\/wp-content\/uploads\/2023\/06\/Pomnik-na-rynku-1939-1945.jpg 1281w\" sizes=\"auto, (max-width: 1024px) 100vw, 1024px\" \/><\/figure>\n<\/div>","protected":false},"excerpt":{"rendered":"<p><!-- wp:paragraph {\"align\":\"justify\"} --><\/p>\n<p class=\"has-text-align-justify\">Pomnik pochodzi z 1966 roku, zosta\u0142 po\u015bwi\u0119cony ofiarom II wojny \u015bwiatowej oraz m\u0119czennikom hitleryzmu z Radzynia che\u0142mi\u0144skiego i okolic. Pomnik znajduje si\u0119 na rynku miasta p&#8230;<\/p>\n","protected":false},"author":1,"featured_media":0,"comment_status":"closed","ping_status":"open","sticky":false,"template":"","format":"standard","meta":{"_editorskit_title_hidden":false,"_editorskit_reading_time":0,"_editorskit_is_block_options_detached":false,"_editorskit_block_options_position":"{}","footnotes":""},"categories":[1],"tags":[],"class_list":["post-127","post","type-post","status-publish","format-standard","hentry","category-bez-kategorii"],"_links":{"self":[{"href":"http:\/\/lubietuwracac.radzyn.edu.pl\/pl_PL\/wp-json\/wp\/v2\/posts\/127","targetHints":{"allow":["GET"]}}],"collection":[{"href":"http:\/\/lubietuwracac.radzyn.edu.pl\/pl_PL\/wp-json\/wp\/v2\/posts"}],"about":[{"href":"http:\/\/lubietuwracac.radzyn.edu.pl\/pl_PL\/wp-json\/wp\/v2\/types\/post"}],"author":[{"embeddable":true,"href":"http:\/\/lubietuwracac.radzyn.edu.pl\/pl_PL\/wp-json\/wp\/v2\/users\/1"}],"replies":[{"embeddable":true,"href":"http:\/\/lubietuwracac.radzyn.edu.pl\/pl_PL\/wp-json\/wp\/v2\/comments?post=127"}],"version-history":[{"count":2,"href":"http:\/\/lubietuwracac.radzyn.edu.pl\/pl_PL\/wp-json\/wp\/v2\/posts\/127\/revisions"}],"predecessor-version":[{"id":239,"href":"http:\/\/lubietuwracac.radzyn.edu.pl\/pl_PL\/wp-json\/wp\/v2\/posts\/127\/revisions\/239"}],"wp:attachment":[{"href":"http:\/\/lubietuwracac.radzyn.edu.pl\/pl_PL\/wp-json\/wp\/v2\/media?parent=127"}],"wp:term":[{"taxonomy":"category","embeddable":true,"href":"http:\/\/lubietuwracac.radzyn.edu.pl\/pl_PL\/wp-json\/wp\/v2\/categories?post=127"},{"taxonomy":"post_tag","embeddable":true,"href":"http:\/\/lubietuwracac.radzyn.edu.pl\/pl_PL\/wp-json\/wp\/v2\/tags?post=127"}],"curies":[{"name":"wp","href":"https:\/\/api.w.org\/{rel}","templated":true}]}}