{"id":1,"date":"2023-05-10T12:57:05","date_gmt":"2023-05-10T10:57:05","guid":{"rendered":"http:\/\/lubietuwracac.radzyn.edu.pl\/?p=1"},"modified":"2023-06-28T13:51:51","modified_gmt":"2023-06-28T11:51:51","slug":"ulica-warynskiego-pomnik-jana-dlugosza","status":"publish","type":"post","link":"http:\/\/lubietuwracac.radzyn.edu.pl\/pl_PL\/ulica-warynskiego-pomnik-jana-dlugosza\/","title":{"rendered":"Ulica Wary\u0144skiego - Pomnik Jana D\u0142ugosza"},"content":{"rendered":"\n<p class=\"has-text-align-justify\">Powsta\u0142 w 1980 roku w 500 rocznic\u0119 \u015bmierci kronikarza polski, Jana D\u0142ugosza. Utrwali\u0142 on fragmenty historii miasta w Rocznikach czyli kronikach s\u0142awnego Kr\u00f3lestwa Polskiego. Opisa\u0142 jak zamek i miasto zdobyte zosta\u0142y we wrze\u015bniu 1410 roku przez wojska kr\u00f3la W\u0142adys\u0142awa Jagie\u0142\u0142y.<\/p>\n\n\n<div class=\"wp-block-image\">\n<figure class=\"aligncenter size-large\"><img loading=\"lazy\" decoding=\"async\" width=\"1024\" height=\"768\" src=\"http:\/\/lubietuwracac.radzyn.edu.pl\/wp-content\/uploads\/2023\/06\/Ulica-Warynskiego-Pomnik-Jana-Dlugosza-1024x768.jpg\" alt=\"\" class=\"wp-image-251\" srcset=\"http:\/\/lubietuwracac.radzyn.edu.pl\/wp-content\/uploads\/2023\/06\/Ulica-Warynskiego-Pomnik-Jana-Dlugosza-1024x768.jpg 1024w, http:\/\/lubietuwracac.radzyn.edu.pl\/wp-content\/uploads\/2023\/06\/Ulica-Warynskiego-Pomnik-Jana-Dlugosza-300x225.jpg 300w, http:\/\/lubietuwracac.radzyn.edu.pl\/wp-content\/uploads\/2023\/06\/Ulica-Warynskiego-Pomnik-Jana-Dlugosza-768x576.jpg 768w, http:\/\/lubietuwracac.radzyn.edu.pl\/wp-content\/uploads\/2023\/06\/Ulica-Warynskiego-Pomnik-Jana-Dlugosza.jpg 1281w\" sizes=\"auto, (max-width: 1024px) 100vw, 1024px\" \/><\/figure>\n<\/div>\n\n\n<iframe src=\"https:\/\/www.google.com\/maps\/embed?pb=!1m14!1m8!1m3!1d148.72463717645024!2d18.936161!3d53.38631!3m2!1i1024!2i768!4f13.1!3m3!1m2!1s0x471d2cc60b0e8e7d%3A0x666ea133c837ff52!2zODctMjIwIFJhZHp5xYQgQ2hlxYJtacWEc2tp!5e0!3m2!1spl!2spl!4v1684400602958!5m2!1spl!2spl\" width=\"600\" height=\"450\" style=\"border:0;\" allowfullscreen=\"\" loading=\"lazy\" referrerpolicy=\"no-referrer-when-downgrade\"><\/iframe>\n","protected":false},"excerpt":{"rendered":"<p><!-- wp:paragraph {\"align\":\"justify\",\"className\":\"\"} --><\/p>\n<p class=\"has-text-align-justify\">Powsta\u0142 w 1980 roku w 500 rocznic\u0119 \u015bmierci kronikarza polski, Jana D\u0142ugosza. Utrwali\u0142 on fragmenty historii miasta w Rocznikach czyli kronikach s\u0142awnego Kr\u00f3les&#8230;<\/p>\n","protected":false},"author":1,"featured_media":0,"comment_status":"closed","ping_status":"open","sticky":false,"template":"","format":"standard","meta":{"_editorskit_title_hidden":false,"_editorskit_reading_time":0,"_editorskit_is_block_options_detached":false,"_editorskit_block_options_position":"{}","footnotes":""},"categories":[1],"tags":[],"class_list":["post-1","post","type-post","status-publish","format-standard","hentry","category-bez-kategorii"],"_links":{"self":[{"href":"http:\/\/lubietuwracac.radzyn.edu.pl\/pl_PL\/wp-json\/wp\/v2\/posts\/1","targetHints":{"allow":["GET"]}}],"collection":[{"href":"http:\/\/lubietuwracac.radzyn.edu.pl\/pl_PL\/wp-json\/wp\/v2\/posts"}],"about":[{"href":"http:\/\/lubietuwracac.radzyn.edu.pl\/pl_PL\/wp-json\/wp\/v2\/types\/post"}],"author":[{"embeddable":true,"href":"http:\/\/lubietuwracac.radzyn.edu.pl\/pl_PL\/wp-json\/wp\/v2\/users\/1"}],"replies":[{"embeddable":true,"href":"http:\/\/lubietuwracac.radzyn.edu.pl\/pl_PL\/wp-json\/wp\/v2\/comments?post=1"}],"version-history":[{"count":22,"href":"http:\/\/lubietuwracac.radzyn.edu.pl\/pl_PL\/wp-json\/wp\/v2\/posts\/1\/revisions"}],"predecessor-version":[{"id":254,"href":"http:\/\/lubietuwracac.radzyn.edu.pl\/pl_PL\/wp-json\/wp\/v2\/posts\/1\/revisions\/254"}],"wp:attachment":[{"href":"http:\/\/lubietuwracac.radzyn.edu.pl\/pl_PL\/wp-json\/wp\/v2\/media?parent=1"}],"wp:term":[{"taxonomy":"category","embeddable":true,"href":"http:\/\/lubietuwracac.radzyn.edu.pl\/pl_PL\/wp-json\/wp\/v2\/categories?post=1"},{"taxonomy":"post_tag","embeddable":true,"href":"http:\/\/lubietuwracac.radzyn.edu.pl\/pl_PL\/wp-json\/wp\/v2\/tags?post=1"}],"curies":[{"name":"wp","href":"https:\/\/api.w.org\/{rel}","templated":true}]}}